{"id":6828,"date":"2021-06-30T17:03:38","date_gmt":"2021-06-30T15:03:38","guid":{"rendered":"https:\/\/das-dokumentarische.blogs.ruhr-uni-bochum.de\/?p=6828"},"modified":"2021-08-02T16:49:32","modified_gmt":"2021-08-02T14:49:32","slug":"faces-in-the-wild","status":"publish","type":"post","link":"https:\/\/das-dokumentarische.blogs.ruhr-uni-bochum.de\/en\/faces-in-the-wild\/","title":{"rendered":"Faces in the Wild. Operative Bildlichkeit und digitale Bildkulturen | Vortrag &#038; Workshop mit Roland Meyer"},"content":{"rendered":"\n<p><strong>Am 08.\/09.07.2021 wird Roland Meyer (<strong>BTU Cottbus-Senftenberg<\/strong><\/strong>) <strong>(virtuell) f\u00fcr einen Abendvortrag und Workshop am Graduiertenkolleg zu Gast sein.<\/strong> <\/p>\n\n\n\n<h4 class=\"wp-block-heading\">Infos zum Vortrag<\/h4>\n\n\n\n<p id=\"block-e24f484c-dce5-4e9d-8a65-d22cb5a19926\"><strong><em>08.07.2021, 18\u201320 Uhr [\u00f6ffentlich via Zoom]<\/em><\/strong><\/p>\n\n\n\n<p><em>Faces in the Wild<\/em>, so hei\u00dfen jene Bilder von Gesichtern in Alltagssituationen, die mittlerweile zur wichtigsten Ressource der automatisierten Gesichtserkennung geworden sind. Setzte man in deren Anf\u00e4ngen noch auf nach strengen Normen eigens angefertigte \u203abiometrische\u2039 Portr\u00e4ts, wird die Entwicklung heute, im Zeitalter des Deep Learning, von einer vernetzten digitalen Bildkultur vorangetrieben, die mit der Kopplung von Smartphone und Social Media riesige Mengen von digitalen Gesichtern verf\u00fcgbar gemacht hat. Jedes Bild, das wir von uns machen und mit anderen teilen, ist so zu einem \u203aoperativen Portr\u00e4t\u2039 geworden, das dazu dient, mit anderen Bildern und Daten abgeglichen und verkn\u00fcpft zu werden. Der Vortrag nimmt diese Diagnose zum Anlass, um nach dem Verh\u00e4ltnis von operativen Bildern und digitaler Bildkultur zu fragen. Denn schon l\u00e4ngst l\u00e4sst sich operative Bildlichkeit nicht mehr auf eine isolierbare Sph\u00e4re vermeintlich rein technischer, weitgehend unsichtbarer Bildverarbeitungsprozesse beschr\u00e4nken. Vielmehr, so die These, muss sie als ein Feld verstanden werden, in dem sich Sichtbares und Unsichtbares, menschliche Sehakte und maschinelle Operationen kreuzen \u2013 und dabei neue Formen und Formate der Sichtbarkeit hervorbringen.<\/p>\n\n\n\n<hr class=\"wp-block-separator\"\/>\n\n\n\n<h4 class=\"wp-block-heading\">Infos zum Workshop<\/h4>\n\n\n\n<p><strong><em>09.07.2021, 10\u201315 Uhr [intern]<\/em><\/strong><\/p>\n\n\n\n<p>Ausgangspunkt des Workshops sind vier Impulsvortr\u00e4ge, die sich mit Fragen der visuellen Raumerschlie\u00dfung und Blickf\u00fchrung besch\u00e4ftigen. Sie dienen als Ausgangspunkt f\u00fcr weiterf\u00fchrende Diskussionen.<\/p>\n\n\n\n<p><strong>Zeitplan<\/strong><br>10-12:00 Uhr: Materialinput &amp; Diskussion zu analogen Bildwelten: Carina Dauven &amp; Theodor Frisorger <br>12-13:00 Uhr: Mittagspause<br>13-15:00 Uhr: Materialinput &amp; Diskussion zu gegenw\u00e4rtigen\/digitalen Bildkulturen: Anna Polze &amp; Jana Hecktor <\/p>\n\n\n\n<p><strong>Zu den Materialinputs<\/strong><br>Anhand von Grundrisszeichnungen, \u201eWanderungen durch die Ateliers\u201c und zwischen \u00c4sthetik und Mechanik aufgespannten Verfahrensbeschreibungen in polytechnischen Handb\u00fcchern und Journalen, versucht sich <strong>Carina Dauven<\/strong> in ihrem Impulsbeitrag daran, aufzusp\u00fcren, ob (und wenn ja, welche) operativen Qualit\u00e4ten in den portr\u00e4tfotografischen Operationen der 1840er bis 1860er Jahre auszumachen sind.<br>Daran anschlie\u00dfend schaut sich <strong>Theodor Frisorger<\/strong> fotografische Rundg\u00e4nge durch Filmstudios an, wie sie im US-amerikanischen Bildmagazin LIFE gerade in der Nachkriegszeit Konjunktur hatten. Hier stellt sich die Frage, wie technisch-soziale Apparate und das Gef\u00fcge aus menschlichen und nicht-menschlichen Akteuren der Filmproduktion ins fotografische Bild gesetzt werden bzw. welche Bildoperationen damit im Zeitschriftendisplay vollzogen werden. Inwieweit kann man bei diesen Studio-Touren von einer filmvermittelnden Operation sprechen und welche Idee \u201evon Film\u201c wird hier eigentlich f\u00fcr LIFEs Massenpublikum visuell verarbeitet?<br>Fragen nach der Verbindung von digitaler Bildlichkeit und der Operationalit\u00e4t von animierten Modellen stehen im Fokus von <strong>Anna Polze<\/strong>s Impuls. Als Beispiel dient eine Plattform des investigativen Architekturb\u00fcros SITU Research, f\u00fcr die eine mit einer virtuellen Kamera durchquerte Modellkulisse genutzt wird, um Video-Footage im urbanen Kontext zu situieren und Details zu identifizieren. Wie flie\u00dfen hier ein an Architektur als \u201eoperatives Gef\u00fcge\u201c (Wolfgang Sch\u00e4ffner) geschultes Verst\u00e4ndnis der Modellierung mit digitaler und mit operativer Bildlichkeit in der Blicklenkung von Betrachter:innen zusammen?\u00a0<br>Der Input von <strong>Jana Hecktor<\/strong> r\u00fcckt Google Street View und dessen Inhalte in den Fokus. Anhand ausgew\u00e4hlter und repr\u00e4sentativ gedachter Beispiele sollen zun\u00e4chst die mit dem Material verbundenen Operationen untersucht und dar\u00fcber hinaus das Potential f\u00fcr unterschiedlichste Umdeutungen, Aneignungen und Neu-Kontextualisierung des Materials durch unterschiedlichste Projekte und Diskurse in den Blick ger\u00fcckt werden. Der Blick auf die Gegenst\u00e4nde und Beispiele soll begleitet werden von der Frage ob die Operativit\u00e4t in den digitalen Operationen der Anwendungen, ihrem (un)sichtbaren Wechselspiel mit den medialen Inhalten oder als eine Art Potentialit\u00e4t in den medialen Inhalten selbst liegt.<\/p>\n\n\n\n<hr class=\"wp-block-separator\"\/>\n\n\n\n<p><strong>Datum: <\/strong><em>VORTRAG<\/em> 08.07.2021, 18\u201320 Uhr \/ <em>WORKSHOP<\/em> 09.07.2021, 10\u201315 Uhr<br><strong>Ort: <\/strong>Zoom<br><strong>Organisation: <\/strong>Carina Dauven, Jana Hecktor, Anna Polze, Theodor Frisorger <\/p>\n\n\n\n<hr class=\"wp-block-separator\"\/>\n\n\n\n<h4 class=\"wp-block-heading\">Anmeldung<\/h4>\n\n\n\n<p>Der <strong>Vortrag<\/strong> am 08. Juli 2021, 18:00 Uhr findet \u00f6ffentlich via Zoom statt. Interessent:innen melden sich bitte bis zum 07. Juli 2021 formlos per E-Mail unter <a href=\"mailto:das-dokumentarische@rub.de\">das-dokumentarische@rub.de<\/a> an. Der anschlie\u00dfende <strong>Workshop<\/strong> am 09. Juli 2021 ist nur f\u00fcr Angeh\u00f6rige des Graduiertenkollegs ge\u00f6ffnet. <\/p>\n","protected":false},"excerpt":{"rendered":"<p>Am 08.\/09.07.2021 wird Roland Meyer (BTU Cottbus-Senftenberg) (virtuell) f\u00fcr einen Abendvortrag und Workshop am Graduiertenkolleg zu Gast sein. Infos zum<\/p>\n","protected":false},"author":7,"featured_media":6844,"comment_status":"closed","ping_status":"closed","sticky":false,"template":"","format":"standard","meta":{"colormag_page_container_layout":"default_layout","colormag_page_sidebar_layout":"default_layout","_uag_custom_page_level_css":"","ngg_post_thumbnail":0,"footnotes":""},"categories":[1,16,9],"tags":[],"class_list":["post-6828","post","type-post","status-publish","format-standard","has-post-thumbnail","hentry","category-allgemein","category-vortrag","category-workshop"],"translation":{"provider":"WPGlobus","version":"3.0.2","language":"en","enabled_languages":["de","en"],"languages":{"de":{"title":true,"content":true,"excerpt":false},"en":{"title":false,"content":false,"excerpt":false}}},"yoast_head":"<!-- This site is optimized with the Yoast SEO plugin v27.4 - https:\/\/yoast.com\/product\/yoast-seo-wordpress\/ -->\n<title>Faces in the Wild. Operative Bildlichkeit und digitale Bildkulturen | Vortrag &amp; Workshop mit Roland Meyer - GRK Das Dokumentarische. Exzess und Entzug<\/title>\n<meta name=\"robots\" content=\"index, follow, max-snippet:-1, max-image-preview:large, max-video-preview:-1\" \/>\n<link rel=\"canonical\" href=\"https:\/\/das-dokumentarische.blogs.ruhr-uni-bochum.de\/en\/faces-in-the-wild\/\" \/>\n<meta property=\"og:locale\" content=\"en_US\" \/>\n<meta property=\"og:type\" content=\"article\" \/>\n<meta property=\"og:title\" content=\"Faces in the Wild. Operative Bildlichkeit und digitale Bildkulturen | Vortrag &amp; Workshop mit Roland Meyer - GRK Das Dokumentarische. Exzess und Entzug\" \/>\n<meta property=\"og:url\" content=\"https:\/\/das-dokumentarische.blogs.ruhr-uni-bochum.de\/en\/faces-in-the-wild\/\" \/>\n<meta property=\"og:site_name\" content=\"GRK Das Dokumentarische. Exzess und Entzug\" \/>\n<meta property=\"article:published_time\" content=\"2021-06-30T15:03:38+00:00\" \/>\n<meta property=\"article:modified_time\" content=\"2021-08-02T14:49:32+00:00\" \/>\n<meta property=\"og:image\" content=\"https:\/\/das-dokumentarische.blogs.ruhr-uni-bochum.de\/wp-content\/uploads\/2021\/06\/dasdok_website_header_meyer-scaled.jpg\" \/>\n\t<meta property=\"og:image:width\" content=\"2560\" \/>\n\t<meta property=\"og:image:height\" content=\"1424\" \/>\n\t<meta property=\"og:image:type\" content=\"image\/jpeg\" \/>\n<meta name=\"author\" content=\"das-dokumentarische\" \/>\n<meta name=\"twitter:card\" content=\"summary_large_image\" \/>\n<meta name=\"twitter:label1\" content=\"Written by\" \/>\n\t<meta name=\"twitter:data1\" content=\"das-dokumentarische\" \/>\n\t<meta name=\"twitter:label2\" content=\"Est. reading time\" \/>\n\t<meta name=\"twitter:data2\" content=\"3 minutes\" \/>\n<script type=\"application\/ld+json\" class=\"yoast-schema-graph\">{\"@context\":\"https:\\\/\\\/schema.org\",\"@graph\":[{\"@type\":\"Article\",\"@id\":\"https:\\\/\\\/das-dokumentarische.blogs.ruhr-uni-bochum.de\\\/en\\\/faces-in-the-wild\\\/#article\",\"isPartOf\":{\"@id\":\"https:\\\/\\\/das-dokumentarische.blogs.ruhr-uni-bochum.de\\\/en\\\/faces-in-the-wild\\\/\"},\"author\":{\"name\":\"das-dokumentarische\",\"@id\":\"https:\\\/\\\/das-dokumentarische.blogs.ruhr-uni-bochum.de\\\/en\\\/#\\\/schema\\\/person\\\/2ce3c13cbf456682a12a60bf3aa3b1d8\"},\"headline\":\"Faces in the Wild. Operative Bildlichkeit und digitale Bildkulturen | Vortrag &#038; Workshop mit Roland Meyer\",\"datePublished\":\"2021-06-30T15:03:38+00:00\",\"dateModified\":\"2021-08-02T14:49:32+00:00\",\"mainEntityOfPage\":{\"@id\":\"https:\\\/\\\/das-dokumentarische.blogs.ruhr-uni-bochum.de\\\/en\\\/faces-in-the-wild\\\/\"},\"wordCount\":671,\"image\":{\"@id\":\"https:\\\/\\\/das-dokumentarische.blogs.ruhr-uni-bochum.de\\\/en\\\/faces-in-the-wild\\\/#primaryimage\"},\"thumbnailUrl\":\"https:\\\/\\\/das-dokumentarische.blogs.ruhr-uni-bochum.de\\\/wp-content\\\/uploads\\\/2021\\\/06\\\/dasdok_website_header_meyer-scaled.jpg\",\"articleSection\":[\"Allgemein\",\"Vortrag\",\"Workshop\"],\"inLanguage\":\"en-US\"},{\"@type\":\"WebPage\",\"@id\":\"https:\\\/\\\/das-dokumentarische.blogs.ruhr-uni-bochum.de\\\/en\\\/faces-in-the-wild\\\/\",\"url\":\"https:\\\/\\\/das-dokumentarische.blogs.ruhr-uni-bochum.de\\\/en\\\/faces-in-the-wild\\\/\",\"name\":\"Faces in the Wild. Operative Bildlichkeit und digitale Bildkulturen | Vortrag & Workshop mit Roland Meyer - GRK Das Dokumentarische. Exzess und Entzug\",\"isPartOf\":{\"@id\":\"https:\\\/\\\/das-dokumentarische.blogs.ruhr-uni-bochum.de\\\/en\\\/#website\"},\"primaryImageOfPage\":{\"@id\":\"https:\\\/\\\/das-dokumentarische.blogs.ruhr-uni-bochum.de\\\/en\\\/faces-in-the-wild\\\/#primaryimage\"},\"image\":{\"@id\":\"https:\\\/\\\/das-dokumentarische.blogs.ruhr-uni-bochum.de\\\/en\\\/faces-in-the-wild\\\/#primaryimage\"},\"thumbnailUrl\":\"https:\\\/\\\/das-dokumentarische.blogs.ruhr-uni-bochum.de\\\/wp-content\\\/uploads\\\/2021\\\/06\\\/dasdok_website_header_meyer-scaled.jpg\",\"datePublished\":\"2021-06-30T15:03:38+00:00\",\"dateModified\":\"2021-08-02T14:49:32+00:00\",\"author\":{\"@id\":\"https:\\\/\\\/das-dokumentarische.blogs.ruhr-uni-bochum.de\\\/en\\\/#\\\/schema\\\/person\\\/2ce3c13cbf456682a12a60bf3aa3b1d8\"},\"breadcrumb\":{\"@id\":\"https:\\\/\\\/das-dokumentarische.blogs.ruhr-uni-bochum.de\\\/en\\\/faces-in-the-wild\\\/#breadcrumb\"},\"inLanguage\":\"en-US\",\"potentialAction\":[{\"@type\":\"ReadAction\",\"target\":[\"https:\\\/\\\/das-dokumentarische.blogs.ruhr-uni-bochum.de\\\/en\\\/faces-in-the-wild\\\/\"]}]},{\"@type\":\"ImageObject\",\"inLanguage\":\"en-US\",\"@id\":\"https:\\\/\\\/das-dokumentarische.blogs.ruhr-uni-bochum.de\\\/en\\\/faces-in-the-wild\\\/#primaryimage\",\"url\":\"https:\\\/\\\/das-dokumentarische.blogs.ruhr-uni-bochum.de\\\/wp-content\\\/uploads\\\/2021\\\/06\\\/dasdok_website_header_meyer-scaled.jpg\",\"contentUrl\":\"https:\\\/\\\/das-dokumentarische.blogs.ruhr-uni-bochum.de\\\/wp-content\\\/uploads\\\/2021\\\/06\\\/dasdok_website_header_meyer-scaled.jpg\",\"width\":1920,\"height\":1068},{\"@type\":\"BreadcrumbList\",\"@id\":\"https:\\\/\\\/das-dokumentarische.blogs.ruhr-uni-bochum.de\\\/en\\\/faces-in-the-wild\\\/#breadcrumb\",\"itemListElement\":[{\"@type\":\"ListItem\",\"position\":1,\"name\":\"Startseite\",\"item\":\"https:\\\/\\\/das-dokumentarische.blogs.ruhr-uni-bochum.de\\\/en\\\/\"},{\"@type\":\"ListItem\",\"position\":2,\"name\":\"Faces in the Wild. Operative Bildlichkeit und digitale Bildkulturen | Vortrag &#038; Workshop mit Roland Meyer\"}]},{\"@type\":\"WebSite\",\"@id\":\"https:\\\/\\\/das-dokumentarische.blogs.ruhr-uni-bochum.de\\\/en\\\/#website\",\"url\":\"https:\\\/\\\/das-dokumentarische.blogs.ruhr-uni-bochum.de\\\/en\\\/\",\"name\":\"GRK Das Dokumentarische. Exzess und Entzug\",\"description\":\"\",\"potentialAction\":[{\"@type\":\"SearchAction\",\"target\":{\"@type\":\"EntryPoint\",\"urlTemplate\":\"https:\\\/\\\/das-dokumentarische.blogs.ruhr-uni-bochum.de\\\/en\\\/?s={search_term_string}\"},\"query-input\":{\"@type\":\"PropertyValueSpecification\",\"valueRequired\":true,\"valueName\":\"search_term_string\"}}],\"inLanguage\":\"en-US\"},{\"@type\":\"Person\",\"@id\":\"https:\\\/\\\/das-dokumentarische.blogs.ruhr-uni-bochum.de\\\/en\\\/#\\\/schema\\\/person\\\/2ce3c13cbf456682a12a60bf3aa3b1d8\",\"name\":\"das-dokumentarische\",\"image\":{\"@type\":\"ImageObject\",\"inLanguage\":\"en-US\",\"@id\":\"https:\\\/\\\/secure.gravatar.com\\\/avatar\\\/b1f47460af86504a1a1f403f0eaa0c5115fffa5d4423840aed68b62f8adfec66?s=96&d=mm&r=g\",\"url\":\"https:\\\/\\\/secure.gravatar.com\\\/avatar\\\/b1f47460af86504a1a1f403f0eaa0c5115fffa5d4423840aed68b62f8adfec66?s=96&d=mm&r=g\",\"contentUrl\":\"https:\\\/\\\/secure.gravatar.com\\\/avatar\\\/b1f47460af86504a1a1f403f0eaa0c5115fffa5d4423840aed68b62f8adfec66?s=96&d=mm&r=g\",\"caption\":\"das-dokumentarische\"},\"url\":\"https:\\\/\\\/das-dokumentarische.blogs.ruhr-uni-bochum.de\\\/en\\\/author\\\/dasdoxs6\\\/\"}]}<\/script>\n<!-- \/ Yoast SEO plugin. -->","yoast_head_json":{"title":"Faces in the Wild. Operative Bildlichkeit und digitale Bildkulturen | Vortrag & Workshop mit Roland Meyer - GRK Das Dokumentarische. Exzess und Entzug","robots":{"index":"index","follow":"follow","max-snippet":"max-snippet:-1","max-image-preview":"max-image-preview:large","max-video-preview":"max-video-preview:-1"},"canonical":"https:\/\/das-dokumentarische.blogs.ruhr-uni-bochum.de\/en\/faces-in-the-wild\/","og_locale":"en_US","og_type":"article","og_title":"Faces in the Wild. Operative Bildlichkeit und digitale Bildkulturen | Vortrag & Workshop mit Roland Meyer - GRK Das Dokumentarische. Exzess und Entzug","og_url":"https:\/\/das-dokumentarische.blogs.ruhr-uni-bochum.de\/en\/faces-in-the-wild\/","og_site_name":"GRK Das Dokumentarische. Exzess und Entzug","article_published_time":"2021-06-30T15:03:38+00:00","article_modified_time":"2021-08-02T14:49:32+00:00","og_image":[{"width":2560,"height":1424,"url":"https:\/\/das-dokumentarische.blogs.ruhr-uni-bochum.de\/wp-content\/uploads\/2021\/06\/dasdok_website_header_meyer-scaled.jpg","type":"image\/jpeg"}],"author":"das-dokumentarische","twitter_card":"summary_large_image","twitter_misc":{"Written by":"das-dokumentarische","Est. reading time":"3 minutes"},"schema":{"@context":"https:\/\/schema.org","@graph":[{"@type":"Article","@id":"https:\/\/das-dokumentarische.blogs.ruhr-uni-bochum.de\/en\/faces-in-the-wild\/#article","isPartOf":{"@id":"https:\/\/das-dokumentarische.blogs.ruhr-uni-bochum.de\/en\/faces-in-the-wild\/"},"author":{"name":"das-dokumentarische","@id":"https:\/\/das-dokumentarische.blogs.ruhr-uni-bochum.de\/en\/#\/schema\/person\/2ce3c13cbf456682a12a60bf3aa3b1d8"},"headline":"Faces in the Wild. Operative Bildlichkeit und digitale Bildkulturen | Vortrag &#038; Workshop mit Roland Meyer","datePublished":"2021-06-30T15:03:38+00:00","dateModified":"2021-08-02T14:49:32+00:00","mainEntityOfPage":{"@id":"https:\/\/das-dokumentarische.blogs.ruhr-uni-bochum.de\/en\/faces-in-the-wild\/"},"wordCount":671,"image":{"@id":"https:\/\/das-dokumentarische.blogs.ruhr-uni-bochum.de\/en\/faces-in-the-wild\/#primaryimage"},"thumbnailUrl":"https:\/\/das-dokumentarische.blogs.ruhr-uni-bochum.de\/wp-content\/uploads\/2021\/06\/dasdok_website_header_meyer-scaled.jpg","articleSection":["Allgemein","Vortrag","Workshop"],"inLanguage":"en-US"},{"@type":"WebPage","@id":"https:\/\/das-dokumentarische.blogs.ruhr-uni-bochum.de\/en\/faces-in-the-wild\/","url":"https:\/\/das-dokumentarische.blogs.ruhr-uni-bochum.de\/en\/faces-in-the-wild\/","name":"Faces in the Wild. Operative Bildlichkeit und digitale Bildkulturen | Vortrag & Workshop mit Roland Meyer - GRK Das Dokumentarische. Exzess und Entzug","isPartOf":{"@id":"https:\/\/das-dokumentarische.blogs.ruhr-uni-bochum.de\/en\/#website"},"primaryImageOfPage":{"@id":"https:\/\/das-dokumentarische.blogs.ruhr-uni-bochum.de\/en\/faces-in-the-wild\/#primaryimage"},"image":{"@id":"https:\/\/das-dokumentarische.blogs.ruhr-uni-bochum.de\/en\/faces-in-the-wild\/#primaryimage"},"thumbnailUrl":"https:\/\/das-dokumentarische.blogs.ruhr-uni-bochum.de\/wp-content\/uploads\/2021\/06\/dasdok_website_header_meyer-scaled.jpg","datePublished":"2021-06-30T15:03:38+00:00","dateModified":"2021-08-02T14:49:32+00:00","author":{"@id":"https:\/\/das-dokumentarische.blogs.ruhr-uni-bochum.de\/en\/#\/schema\/person\/2ce3c13cbf456682a12a60bf3aa3b1d8"},"breadcrumb":{"@id":"https:\/\/das-dokumentarische.blogs.ruhr-uni-bochum.de\/en\/faces-in-the-wild\/#breadcrumb"},"inLanguage":"en-US","potentialAction":[{"@type":"ReadAction","target":["https:\/\/das-dokumentarische.blogs.ruhr-uni-bochum.de\/en\/faces-in-the-wild\/"]}]},{"@type":"ImageObject","inLanguage":"en-US","@id":"https:\/\/das-dokumentarische.blogs.ruhr-uni-bochum.de\/en\/faces-in-the-wild\/#primaryimage","url":"https:\/\/das-dokumentarische.blogs.ruhr-uni-bochum.de\/wp-content\/uploads\/2021\/06\/dasdok_website_header_meyer-scaled.jpg","contentUrl":"https:\/\/das-dokumentarische.blogs.ruhr-uni-bochum.de\/wp-content\/uploads\/2021\/06\/dasdok_website_header_meyer-scaled.jpg","width":1920,"height":1068},{"@type":"BreadcrumbList","@id":"https:\/\/das-dokumentarische.blogs.ruhr-uni-bochum.de\/en\/faces-in-the-wild\/#breadcrumb","itemListElement":[{"@type":"ListItem","position":1,"name":"Startseite","item":"https:\/\/das-dokumentarische.blogs.ruhr-uni-bochum.de\/en\/"},{"@type":"ListItem","position":2,"name":"Faces in the Wild. Operative Bildlichkeit und digitale Bildkulturen | Vortrag &#038; Workshop mit Roland Meyer"}]},{"@type":"WebSite","@id":"https:\/\/das-dokumentarische.blogs.ruhr-uni-bochum.de\/en\/#website","url":"https:\/\/das-dokumentarische.blogs.ruhr-uni-bochum.de\/en\/","name":"GRK Das Dokumentarische. Exzess und Entzug","description":"","potentialAction":[{"@type":"SearchAction","target":{"@type":"EntryPoint","urlTemplate":"https:\/\/das-dokumentarische.blogs.ruhr-uni-bochum.de\/en\/?s={search_term_string}"},"query-input":{"@type":"PropertyValueSpecification","valueRequired":true,"valueName":"search_term_string"}}],"inLanguage":"en-US"},{"@type":"Person","@id":"https:\/\/das-dokumentarische.blogs.ruhr-uni-bochum.de\/en\/#\/schema\/person\/2ce3c13cbf456682a12a60bf3aa3b1d8","name":"das-dokumentarische","image":{"@type":"ImageObject","inLanguage":"en-US","@id":"https:\/\/secure.gravatar.com\/avatar\/b1f47460af86504a1a1f403f0eaa0c5115fffa5d4423840aed68b62f8adfec66?s=96&d=mm&r=g","url":"https:\/\/secure.gravatar.com\/avatar\/b1f47460af86504a1a1f403f0eaa0c5115fffa5d4423840aed68b62f8adfec66?s=96&d=mm&r=g","contentUrl":"https:\/\/secure.gravatar.com\/avatar\/b1f47460af86504a1a1f403f0eaa0c5115fffa5d4423840aed68b62f8adfec66?s=96&d=mm&r=g","caption":"das-dokumentarische"},"url":"https:\/\/das-dokumentarische.blogs.ruhr-uni-bochum.de\/en\/author\/dasdoxs6\/"}]}},"uagb_featured_image_src":{"full":["https:\/\/das-dokumentarische.blogs.ruhr-uni-bochum.de\/wp-content\/uploads\/2021\/06\/dasdok_website_header_meyer-scaled.jpg",1920,1068,false],"thumbnail":["https:\/\/das-dokumentarische.blogs.ruhr-uni-bochum.de\/wp-content\/uploads\/2021\/06\/dasdok_website_header_meyer-150x150.jpg",150,150,true],"medium":["https:\/\/das-dokumentarische.blogs.ruhr-uni-bochum.de\/wp-content\/uploads\/2021\/06\/dasdok_website_header_meyer-300x167.jpg",300,167,true],"medium_large":["https:\/\/das-dokumentarische.blogs.ruhr-uni-bochum.de\/wp-content\/uploads\/2021\/06\/dasdok_website_header_meyer-768x427.jpg",768,427,true],"large":["https:\/\/das-dokumentarische.blogs.ruhr-uni-bochum.de\/wp-content\/uploads\/2021\/06\/dasdok_website_header_meyer-700x389.jpg",700,389,true],"1536x1536":["https:\/\/das-dokumentarische.blogs.ruhr-uni-bochum.de\/wp-content\/uploads\/2021\/06\/dasdok_website_header_meyer-1536x854.jpg",1536,854,true],"2048x2048":["https:\/\/das-dokumentarische.blogs.ruhr-uni-bochum.de\/wp-content\/uploads\/2021\/06\/dasdok_website_header_meyer-2048x1139.jpg",2048,1139,true],"ultp_layout_landscape_large":["https:\/\/das-dokumentarische.blogs.ruhr-uni-bochum.de\/wp-content\/uploads\/2021\/06\/dasdok_website_header_meyer-1200x800.jpg",1200,800,true],"ultp_layout_landscape":["https:\/\/das-dokumentarische.blogs.ruhr-uni-bochum.de\/wp-content\/uploads\/2021\/06\/dasdok_website_header_meyer-870x570.jpg",870,570,true],"ultp_layout_portrait":["https:\/\/das-dokumentarische.blogs.ruhr-uni-bochum.de\/wp-content\/uploads\/2021\/06\/dasdok_website_header_meyer-600x900.jpg",600,900,true],"ultp_layout_square":["https:\/\/das-dokumentarische.blogs.ruhr-uni-bochum.de\/wp-content\/uploads\/2021\/06\/dasdok_website_header_meyer-600x600.jpg",600,600,true],"colormag-highlighted-post":["https:\/\/das-dokumentarische.blogs.ruhr-uni-bochum.de\/wp-content\/uploads\/2021\/06\/dasdok_website_header_meyer-392x272.jpg",392,272,true],"colormag-featured-post-medium":["https:\/\/das-dokumentarische.blogs.ruhr-uni-bochum.de\/wp-content\/uploads\/2021\/06\/dasdok_website_header_meyer-390x205.jpg",390,205,true],"colormag-featured-post-small":["https:\/\/das-dokumentarische.blogs.ruhr-uni-bochum.de\/wp-content\/uploads\/2021\/06\/dasdok_website_header_meyer-130x90.jpg",130,90,true],"colormag-featured-image":["https:\/\/das-dokumentarische.blogs.ruhr-uni-bochum.de\/wp-content\/uploads\/2021\/06\/dasdok_website_header_meyer-800x445.jpg",800,445,true],"colormag-default-news":["https:\/\/das-dokumentarische.blogs.ruhr-uni-bochum.de\/wp-content\/uploads\/2021\/06\/dasdok_website_header_meyer-scaled.jpg",150,83,false],"colormag-featured-image-large":["https:\/\/das-dokumentarische.blogs.ruhr-uni-bochum.de\/wp-content\/uploads\/2021\/06\/dasdok_website_header_meyer-scaled.jpg",1079,600,false]},"uagb_author_info":{"display_name":"das-dokumentarische","author_link":"https:\/\/das-dokumentarische.blogs.ruhr-uni-bochum.de\/en\/author\/dasdoxs6\/"},"uagb_comment_info":0,"uagb_excerpt":"Am 08.\/09.07.2021 wird Roland Meyer (BTU Cottbus-Senftenberg) (virtuell) f\u00fcr einen Abendvortrag und Workshop am Graduiertenkolleg zu Gast sein. Infos zum","_links":{"self":[{"href":"https:\/\/das-dokumentarische.blogs.ruhr-uni-bochum.de\/en\/wp-json\/wp\/v2\/posts\/6828","targetHints":{"allow":["GET"]}}],"collection":[{"href":"https:\/\/das-dokumentarische.blogs.ruhr-uni-bochum.de\/en\/wp-json\/wp\/v2\/posts"}],"about":[{"href":"https:\/\/das-dokumentarische.blogs.ruhr-uni-bochum.de\/en\/wp-json\/wp\/v2\/types\/post"}],"author":[{"embeddable":true,"href":"https:\/\/das-dokumentarische.blogs.ruhr-uni-bochum.de\/en\/wp-json\/wp\/v2\/users\/7"}],"replies":[{"embeddable":true,"href":"https:\/\/das-dokumentarische.blogs.ruhr-uni-bochum.de\/en\/wp-json\/wp\/v2\/comments?post=6828"}],"version-history":[{"count":9,"href":"https:\/\/das-dokumentarische.blogs.ruhr-uni-bochum.de\/en\/wp-json\/wp\/v2\/posts\/6828\/revisions"}],"predecessor-version":[{"id":6860,"href":"https:\/\/das-dokumentarische.blogs.ruhr-uni-bochum.de\/en\/wp-json\/wp\/v2\/posts\/6828\/revisions\/6860"}],"wp:featuredmedia":[{"embeddable":true,"href":"https:\/\/das-dokumentarische.blogs.ruhr-uni-bochum.de\/en\/wp-json\/wp\/v2\/media\/6844"}],"wp:attachment":[{"href":"https:\/\/das-dokumentarische.blogs.ruhr-uni-bochum.de\/en\/wp-json\/wp\/v2\/media?parent=6828"}],"wp:term":[{"taxonomy":"category","embeddable":true,"href":"https:\/\/das-dokumentarische.blogs.ruhr-uni-bochum.de\/en\/wp-json\/wp\/v2\/categories?post=6828"},{"taxonomy":"post_tag","embeddable":true,"href":"https:\/\/das-dokumentarische.blogs.ruhr-uni-bochum.de\/en\/wp-json\/wp\/v2\/tags?post=6828"}],"curies":[{"name":"wp","href":"https:\/\/api.w.org\/{rel}","templated":true}]}}