{"id":1218,"date":"2017-06-01T13:30:21","date_gmt":"2017-06-01T11:30:21","guid":{"rendered":"https:\/\/das-dokumentarische.blogs.ruhr-uni-bochum.de\/?p=1218"},"modified":"2017-06-19T12:54:07","modified_gmt":"2017-06-19T10:54:07","slug":"prof-dr-monika-schmitz-emans-wird-mitglied-der-akademie-der-wissenschaften","status":"publish","type":"post","link":"https:\/\/das-dokumentarische.blogs.ruhr-uni-bochum.de\/en\/prof-dr-monika-schmitz-emans-wird-mitglied-der-akademie-der-wissenschaften\/","title":{"rendered":"Prof. Dr. Monika Schmitz-Emans wird Mitglied der Akademie der Wissenschaften"},"content":{"rendered":"<p>Das Kolleg gratuliert der Kollegin und Antragstellerin Monika Schmitz-Emans ganz herzlich zur Aufnahme in die Klasse f\u00fcr Geisteswissenschaften der Nordrhein-Westf\u00e4lischen Akademie der Wissenschaften und der K\u00fcnste.<\/p>\n<p>Weitere Informationen finden sich <a href=\"http:\/\/www.awk.nrw.de\/pressemedien\/detailansicht-presse\/2017-05-11-nordrhein-westfaelische-akademie-der-wissenschaften-und-der-kuenste-nimmt-elf-neue-mitglieder-auf.html?tx_ttnews%5BbackPid%5D=50&amp;cHash=bfd3beeb15745ed33d75d1fe60a978cb\" target=\"_blank\" rel=\"noopener noreferrer\"><strong>hier<\/strong><\/a>.<\/p>\n","protected":false},"excerpt":{"rendered":"<p>Das Kolleg gratuliert der Kollegin und Antragstellerin Monika Schmitz-Emans ganz herzlich zur Aufnahme in die Klasse f\u00fcr Geisteswissenschaften der Nordrhein-Westf\u00e4lischen<\/p>\n","protected":false},"author":7,"featured_media":0,"comment_status":"closed","ping_status":"open","sticky":false,"template":"","format":"standard","meta":{"colormag_page_container_layout":"default_layout","colormag_page_sidebar_layout":"default_layout","_uag_custom_page_level_css":"","ngg_post_thumbnail":0,"footnotes":""},"categories":[1],"tags":[],"class_list":["post-1218","post","type-post","status-publish","format-standard","hentry","category-allgemein"],"translation":{"provider":"WPGlobus","version":"3.0.2","language":"en","enabled_languages":["de","en"],"languages":{"de":{"title":true,"content":true,"excerpt":false},"en":{"title":false,"content":false,"excerpt":false}}},"yoast_head":"<!-- This site is optimized with the Yoast SEO plugin v27.5 - https:\/\/yoast.com\/product\/yoast-seo-wordpress\/ -->\n<title>Prof. Dr. Monika Schmitz-Emans wird Mitglied der Akademie der Wissenschaften - GRK Das Dokumentarische. Exzess und Entzug<\/title>\n<meta name=\"robots\" content=\"index, follow, max-snippet:-1, max-image-preview:large, max-video-preview:-1\" \/>\n<link rel=\"canonical\" href=\"https:\/\/das-dokumentarische.blogs.ruhr-uni-bochum.de\/en\/prof-dr-monika-schmitz-emans-wird-mitglied-der-akademie-der-wissenschaften\/\" \/>\n<meta property=\"og:locale\" content=\"en_US\" \/>\n<meta property=\"og:type\" content=\"article\" \/>\n<meta property=\"og:title\" content=\"Prof. Dr. Monika Schmitz-Emans wird Mitglied der Akademie der Wissenschaften - GRK Das Dokumentarische. Exzess und Entzug\" \/>\n<meta property=\"og:url\" content=\"https:\/\/das-dokumentarische.blogs.ruhr-uni-bochum.de\/en\/prof-dr-monika-schmitz-emans-wird-mitglied-der-akademie-der-wissenschaften\/\" \/>\n<meta property=\"og:site_name\" content=\"GRK Das Dokumentarische. Exzess und Entzug\" \/>\n<meta property=\"article:published_time\" content=\"2017-06-01T11:30:21+00:00\" \/>\n<meta property=\"article:modified_time\" content=\"2017-06-19T10:54:07+00:00\" \/>\n<meta name=\"author\" content=\"das-dokumentarische\" \/>\n<meta name=\"twitter:card\" content=\"summary_large_image\" \/>\n<meta name=\"twitter:label1\" content=\"Written by\" \/>\n\t<meta name=\"twitter:data1\" content=\"das-dokumentarische\" \/>\n<script type=\"application\/ld+json\" class=\"yoast-schema-graph\">{\"@context\":\"https:\\\/\\\/schema.org\",\"@graph\":[{\"@type\":\"Article\",\"@id\":\"https:\\\/\\\/das-dokumentarische.blogs.ruhr-uni-bochum.de\\\/en\\\/prof-dr-monika-schmitz-emans-wird-mitglied-der-akademie-der-wissenschaften\\\/#article\",\"isPartOf\":{\"@id\":\"https:\\\/\\\/das-dokumentarische.blogs.ruhr-uni-bochum.de\\\/en\\\/prof-dr-monika-schmitz-emans-wird-mitglied-der-akademie-der-wissenschaften\\\/\"},\"author\":{\"name\":\"das-dokumentarische\",\"@id\":\"https:\\\/\\\/das-dokumentarische.blogs.ruhr-uni-bochum.de\\\/en\\\/#\\\/schema\\\/person\\\/2ce3c13cbf456682a12a60bf3aa3b1d8\"},\"headline\":\"Prof. Dr. Monika Schmitz-Emans wird Mitglied der Akademie der Wissenschaften\",\"datePublished\":\"2017-06-01T11:30:21+00:00\",\"dateModified\":\"2017-06-19T10:54:07+00:00\",\"mainEntityOfPage\":{\"@id\":\"https:\\\/\\\/das-dokumentarische.blogs.ruhr-uni-bochum.de\\\/en\\\/prof-dr-monika-schmitz-emans-wird-mitglied-der-akademie-der-wissenschaften\\\/\"},\"wordCount\":44,\"articleSection\":[\"Allgemein\"],\"inLanguage\":\"en-US\"},{\"@type\":\"WebPage\",\"@id\":\"https:\\\/\\\/das-dokumentarische.blogs.ruhr-uni-bochum.de\\\/en\\\/prof-dr-monika-schmitz-emans-wird-mitglied-der-akademie-der-wissenschaften\\\/\",\"url\":\"https:\\\/\\\/das-dokumentarische.blogs.ruhr-uni-bochum.de\\\/en\\\/prof-dr-monika-schmitz-emans-wird-mitglied-der-akademie-der-wissenschaften\\\/\",\"name\":\"Prof. Dr. Monika Schmitz-Emans wird Mitglied der Akademie der Wissenschaften - GRK Das Dokumentarische. Exzess und Entzug\",\"isPartOf\":{\"@id\":\"https:\\\/\\\/das-dokumentarische.blogs.ruhr-uni-bochum.de\\\/en\\\/#website\"},\"datePublished\":\"2017-06-01T11:30:21+00:00\",\"dateModified\":\"2017-06-19T10:54:07+00:00\",\"author\":{\"@id\":\"https:\\\/\\\/das-dokumentarische.blogs.ruhr-uni-bochum.de\\\/en\\\/#\\\/schema\\\/person\\\/2ce3c13cbf456682a12a60bf3aa3b1d8\"},\"breadcrumb\":{\"@id\":\"https:\\\/\\\/das-dokumentarische.blogs.ruhr-uni-bochum.de\\\/en\\\/prof-dr-monika-schmitz-emans-wird-mitglied-der-akademie-der-wissenschaften\\\/#breadcrumb\"},\"inLanguage\":\"en-US\",\"potentialAction\":[{\"@type\":\"ReadAction\",\"target\":[\"https:\\\/\\\/das-dokumentarische.blogs.ruhr-uni-bochum.de\\\/en\\\/prof-dr-monika-schmitz-emans-wird-mitglied-der-akademie-der-wissenschaften\\\/\"]}]},{\"@type\":\"BreadcrumbList\",\"@id\":\"https:\\\/\\\/das-dokumentarische.blogs.ruhr-uni-bochum.de\\\/en\\\/prof-dr-monika-schmitz-emans-wird-mitglied-der-akademie-der-wissenschaften\\\/#breadcrumb\",\"itemListElement\":[{\"@type\":\"ListItem\",\"position\":1,\"name\":\"Startseite\",\"item\":\"https:\\\/\\\/das-dokumentarische.blogs.ruhr-uni-bochum.de\\\/en\\\/\"},{\"@type\":\"ListItem\",\"position\":2,\"name\":\"Prof. Dr. Monika Schmitz-Emans wird Mitglied der Akademie der Wissenschaften\"}]},{\"@type\":\"WebSite\",\"@id\":\"https:\\\/\\\/das-dokumentarische.blogs.ruhr-uni-bochum.de\\\/en\\\/#website\",\"url\":\"https:\\\/\\\/das-dokumentarische.blogs.ruhr-uni-bochum.de\\\/en\\\/\",\"name\":\"GRK Das Dokumentarische. Exzess und Entzug\",\"description\":\"\",\"potentialAction\":[{\"@type\":\"SearchAction\",\"target\":{\"@type\":\"EntryPoint\",\"urlTemplate\":\"https:\\\/\\\/das-dokumentarische.blogs.ruhr-uni-bochum.de\\\/en\\\/?s={search_term_string}\"},\"query-input\":{\"@type\":\"PropertyValueSpecification\",\"valueRequired\":true,\"valueName\":\"search_term_string\"}}],\"inLanguage\":\"en-US\"},{\"@type\":\"Person\",\"@id\":\"https:\\\/\\\/das-dokumentarische.blogs.ruhr-uni-bochum.de\\\/en\\\/#\\\/schema\\\/person\\\/2ce3c13cbf456682a12a60bf3aa3b1d8\",\"name\":\"das-dokumentarische\",\"image\":{\"@type\":\"ImageObject\",\"inLanguage\":\"en-US\",\"@id\":\"https:\\\/\\\/secure.gravatar.com\\\/avatar\\\/b1f47460af86504a1a1f403f0eaa0c5115fffa5d4423840aed68b62f8adfec66?s=96&d=mm&r=g\",\"url\":\"https:\\\/\\\/secure.gravatar.com\\\/avatar\\\/b1f47460af86504a1a1f403f0eaa0c5115fffa5d4423840aed68b62f8adfec66?s=96&d=mm&r=g\",\"contentUrl\":\"https:\\\/\\\/secure.gravatar.com\\\/avatar\\\/b1f47460af86504a1a1f403f0eaa0c5115fffa5d4423840aed68b62f8adfec66?s=96&d=mm&r=g\",\"caption\":\"das-dokumentarische\"},\"url\":\"https:\\\/\\\/das-dokumentarische.blogs.ruhr-uni-bochum.de\\\/en\\\/author\\\/dasdoxs6\\\/\"}]}<\/script>\n<!-- \/ Yoast SEO plugin. -->","yoast_head_json":{"title":"Prof. Dr. Monika Schmitz-Emans wird Mitglied der Akademie der Wissenschaften - GRK Das Dokumentarische. Exzess und Entzug","robots":{"index":"index","follow":"follow","max-snippet":"max-snippet:-1","max-image-preview":"max-image-preview:large","max-video-preview":"max-video-preview:-1"},"canonical":"https:\/\/das-dokumentarische.blogs.ruhr-uni-bochum.de\/en\/prof-dr-monika-schmitz-emans-wird-mitglied-der-akademie-der-wissenschaften\/","og_locale":"en_US","og_type":"article","og_title":"Prof. Dr. Monika Schmitz-Emans wird Mitglied der Akademie der Wissenschaften - GRK Das Dokumentarische. Exzess und Entzug","og_url":"https:\/\/das-dokumentarische.blogs.ruhr-uni-bochum.de\/en\/prof-dr-monika-schmitz-emans-wird-mitglied-der-akademie-der-wissenschaften\/","og_site_name":"GRK Das Dokumentarische. Exzess und Entzug","article_published_time":"2017-06-01T11:30:21+00:00","article_modified_time":"2017-06-19T10:54:07+00:00","author":"das-dokumentarische","twitter_card":"summary_large_image","twitter_misc":{"Written by":"das-dokumentarische"},"schema":{"@context":"https:\/\/schema.org","@graph":[{"@type":"Article","@id":"https:\/\/das-dokumentarische.blogs.ruhr-uni-bochum.de\/en\/prof-dr-monika-schmitz-emans-wird-mitglied-der-akademie-der-wissenschaften\/#article","isPartOf":{"@id":"https:\/\/das-dokumentarische.blogs.ruhr-uni-bochum.de\/en\/prof-dr-monika-schmitz-emans-wird-mitglied-der-akademie-der-wissenschaften\/"},"author":{"name":"das-dokumentarische","@id":"https:\/\/das-dokumentarische.blogs.ruhr-uni-bochum.de\/en\/#\/schema\/person\/2ce3c13cbf456682a12a60bf3aa3b1d8"},"headline":"Prof. Dr. Monika Schmitz-Emans wird Mitglied der Akademie der Wissenschaften","datePublished":"2017-06-01T11:30:21+00:00","dateModified":"2017-06-19T10:54:07+00:00","mainEntityOfPage":{"@id":"https:\/\/das-dokumentarische.blogs.ruhr-uni-bochum.de\/en\/prof-dr-monika-schmitz-emans-wird-mitglied-der-akademie-der-wissenschaften\/"},"wordCount":44,"articleSection":["Allgemein"],"inLanguage":"en-US"},{"@type":"WebPage","@id":"https:\/\/das-dokumentarische.blogs.ruhr-uni-bochum.de\/en\/prof-dr-monika-schmitz-emans-wird-mitglied-der-akademie-der-wissenschaften\/","url":"https:\/\/das-dokumentarische.blogs.ruhr-uni-bochum.de\/en\/prof-dr-monika-schmitz-emans-wird-mitglied-der-akademie-der-wissenschaften\/","name":"Prof. Dr. Monika Schmitz-Emans wird Mitglied der Akademie der Wissenschaften - GRK Das Dokumentarische. Exzess und Entzug","isPartOf":{"@id":"https:\/\/das-dokumentarische.blogs.ruhr-uni-bochum.de\/en\/#website"},"datePublished":"2017-06-01T11:30:21+00:00","dateModified":"2017-06-19T10:54:07+00:00","author":{"@id":"https:\/\/das-dokumentarische.blogs.ruhr-uni-bochum.de\/en\/#\/schema\/person\/2ce3c13cbf456682a12a60bf3aa3b1d8"},"breadcrumb":{"@id":"https:\/\/das-dokumentarische.blogs.ruhr-uni-bochum.de\/en\/prof-dr-monika-schmitz-emans-wird-mitglied-der-akademie-der-wissenschaften\/#breadcrumb"},"inLanguage":"en-US","potentialAction":[{"@type":"ReadAction","target":["https:\/\/das-dokumentarische.blogs.ruhr-uni-bochum.de\/en\/prof-dr-monika-schmitz-emans-wird-mitglied-der-akademie-der-wissenschaften\/"]}]},{"@type":"BreadcrumbList","@id":"https:\/\/das-dokumentarische.blogs.ruhr-uni-bochum.de\/en\/prof-dr-monika-schmitz-emans-wird-mitglied-der-akademie-der-wissenschaften\/#breadcrumb","itemListElement":[{"@type":"ListItem","position":1,"name":"Startseite","item":"https:\/\/das-dokumentarische.blogs.ruhr-uni-bochum.de\/en\/"},{"@type":"ListItem","position":2,"name":"Prof. Dr. Monika Schmitz-Emans wird Mitglied der Akademie der Wissenschaften"}]},{"@type":"WebSite","@id":"https:\/\/das-dokumentarische.blogs.ruhr-uni-bochum.de\/en\/#website","url":"https:\/\/das-dokumentarische.blogs.ruhr-uni-bochum.de\/en\/","name":"GRK Das Dokumentarische. Exzess und Entzug","description":"","potentialAction":[{"@type":"SearchAction","target":{"@type":"EntryPoint","urlTemplate":"https:\/\/das-dokumentarische.blogs.ruhr-uni-bochum.de\/en\/?s={search_term_string}"},"query-input":{"@type":"PropertyValueSpecification","valueRequired":true,"valueName":"search_term_string"}}],"inLanguage":"en-US"},{"@type":"Person","@id":"https:\/\/das-dokumentarische.blogs.ruhr-uni-bochum.de\/en\/#\/schema\/person\/2ce3c13cbf456682a12a60bf3aa3b1d8","name":"das-dokumentarische","image":{"@type":"ImageObject","inLanguage":"en-US","@id":"https:\/\/secure.gravatar.com\/avatar\/b1f47460af86504a1a1f403f0eaa0c5115fffa5d4423840aed68b62f8adfec66?s=96&d=mm&r=g","url":"https:\/\/secure.gravatar.com\/avatar\/b1f47460af86504a1a1f403f0eaa0c5115fffa5d4423840aed68b62f8adfec66?s=96&d=mm&r=g","contentUrl":"https:\/\/secure.gravatar.com\/avatar\/b1f47460af86504a1a1f403f0eaa0c5115fffa5d4423840aed68b62f8adfec66?s=96&d=mm&r=g","caption":"das-dokumentarische"},"url":"https:\/\/das-dokumentarische.blogs.ruhr-uni-bochum.de\/en\/author\/dasdoxs6\/"}]}},"uagb_featured_image_src":{"full":false,"thumbnail":false,"medium":false,"medium_large":false,"large":false,"1536x1536":false,"2048x2048":false,"ultp_layout_landscape_large":false,"ultp_layout_landscape":false,"ultp_layout_portrait":false,"ultp_layout_square":false,"colormag-highlighted-post":false,"colormag-featured-post-medium":false,"colormag-featured-post-small":false,"colormag-featured-image":false,"colormag-default-news":false,"colormag-featured-image-large":false},"uagb_author_info":{"display_name":"das-dokumentarische","author_link":"https:\/\/das-dokumentarische.blogs.ruhr-uni-bochum.de\/en\/author\/dasdoxs6\/"},"uagb_comment_info":0,"uagb_excerpt":"Das Kolleg gratuliert der Kollegin und Antragstellerin Monika Schmitz-Emans ganz herzlich zur Aufnahme in die Klasse f\u00fcr Geisteswissenschaften der Nordrhein-Westf\u00e4lischen","_links":{"self":[{"href":"https:\/\/das-dokumentarische.blogs.ruhr-uni-bochum.de\/en\/wp-json\/wp\/v2\/posts\/1218","targetHints":{"allow":["GET"]}}],"collection":[{"href":"https:\/\/das-dokumentarische.blogs.ruhr-uni-bochum.de\/en\/wp-json\/wp\/v2\/posts"}],"about":[{"href":"https:\/\/das-dokumentarische.blogs.ruhr-uni-bochum.de\/en\/wp-json\/wp\/v2\/types\/post"}],"author":[{"embeddable":true,"href":"https:\/\/das-dokumentarische.blogs.ruhr-uni-bochum.de\/en\/wp-json\/wp\/v2\/users\/7"}],"replies":[{"embeddable":true,"href":"https:\/\/das-dokumentarische.blogs.ruhr-uni-bochum.de\/en\/wp-json\/wp\/v2\/comments?post=1218"}],"version-history":[{"count":1,"href":"https:\/\/das-dokumentarische.blogs.ruhr-uni-bochum.de\/en\/wp-json\/wp\/v2\/posts\/1218\/revisions"}],"predecessor-version":[{"id":1219,"href":"https:\/\/das-dokumentarische.blogs.ruhr-uni-bochum.de\/en\/wp-json\/wp\/v2\/posts\/1218\/revisions\/1219"}],"wp:attachment":[{"href":"https:\/\/das-dokumentarische.blogs.ruhr-uni-bochum.de\/en\/wp-json\/wp\/v2\/media?parent=1218"}],"wp:term":[{"taxonomy":"category","embeddable":true,"href":"https:\/\/das-dokumentarische.blogs.ruhr-uni-bochum.de\/en\/wp-json\/wp\/v2\/categories?post=1218"},{"taxonomy":"post_tag","embeddable":true,"href":"https:\/\/das-dokumentarische.blogs.ruhr-uni-bochum.de\/en\/wp-json\/wp\/v2\/tags?post=1218"}],"curies":[{"name":"wp","href":"https:\/\/api.w.org\/{rel}","templated":true}]}}